{"id":25,"date":"2023-05-14T05:52:00","date_gmt":"2023-05-14T05:52:00","guid":{"rendered":"https:\/\/idorla.com\/?p=25"},"modified":"2023-11-08T12:16:25","modified_gmt":"2023-11-08T12:16:25","slug":"exploring-demographic-patterns-a-global-perspective","status":"publish","type":"post","link":"https:\/\/idorla.com\/sv\/geo\/exploring-demographic-patterns-a-global-perspective\/","title":{"rendered":"Utforska Demografiska M\u00f6nster: En Global Perspektiv"},"content":{"rendered":"\n<h2 class=\"wp-block-heading\">Introduktion<\/h2>\n\n\n\n<p>V\u00e4rlden \u00e4r en m\u00e5ngsidig mosaik av nationer, var och en med sin unika kultur, geografi och historia. En fascinerande aspekt av detta globala patchwork \u00e4r den betydande variationen i befolkningsstorlekar och dynamik i olika l\u00e4nder. Fr\u00e5n t\u00e4tt befolkade nationer med miljoner m\u00e4nniskor till glesbefolkade omr\u00e5den, ber\u00e4ttar varje lands demografiska data en f\u00e4ngslande historia. I den h\u00e4r artikeln ger vi oss ut p\u00e5 en resa f\u00f6r att utforska den sp\u00e4nnande v\u00e4rlden av populationsvariation, f\u00f6rdjupa oss i de faktorer som formar dessa m\u00f6nster och de konsekvenser de har f\u00f6r samh\u00e4llen.<\/p>\n\n\n\n<h2 class=\"wp-block-heading\">F\u00f6rst\u00e5 Befolkningsdensitet<\/h2>\n\n\n\n<h3 class=\"wp-block-heading\">Populationens Gigant<\/h3>\n\n\n\n<p>Vissa l\u00e4nder sticker ut som j\u00e4ttar n\u00e4r det g\u00e4ller befolkning. Nationer som Kina och Indien, med sina f\u00f6rbluffande befolkningar p\u00e5 miljarder, dominerar den globala demografiska landskapet. Vi kommer att unders\u00f6ka de historiska, kulturella och ekonomiska faktorer som har bidragit till deras enorma befolkningar och de utmaningar de st\u00e5r inf\u00f6r n\u00e4r det g\u00e4ller att hantera s\u00e5dana stora antal.<\/p>\n\n\n\n<h3 class=\"wp-block-heading\">Kontrasterna i Glesbefolkade Nationer<\/h3>\n\n\n\n<p>I den andra \u00e4nden av skalan finns l\u00e4nder med l\u00e5g befolkningsdensitet. Fr\u00e5n vidstr\u00e4ckta omr\u00e5den med obefolkade vildmarker till sm\u00e5 \u00f6nationer erbjuder dessa l\u00e4nder en kontrasterande bild. Vi kommer att utforska orsakerna till deras glesa befolkningar, s\u00e5som utmanande milj\u00f6er, begr\u00e4nsade resurser eller medvetna politiska beslut. Vi kommer \u00e4ven att diskutera de unika m\u00f6jligheter och utmaningar som uppst\u00e5r i s\u00e5dana sammanhang.<\/p>\n\n\n\n<h2 class=\"wp-block-heading\">Befolkningstillv\u00e4xt och Nedg\u00e5ng<\/h2>\n\n\n\n<h3 class=\"wp-block-heading\">Boomen och Tillsv\u00e4xten<\/h3>\n\n\n\n<p>Vissa l\u00e4nder upplever snabb befolkningstillv\u00e4xt, drivna av faktorer som h\u00f6g f\u00f6delsetal, f\u00f6rb\u00e4ttrad sjukv\u00e5rd och \u00f6kad f\u00f6rv\u00e4ntad livsl\u00e4ngd. Vi kommer att f\u00f6rdjupa oss i l\u00e4nder d\u00e4r befolkningen v\u00e4xer snabbt och unders\u00f6ka konsekvenserna av snabb tillv\u00e4xt f\u00f6r infrastruktur, ekonomi och sociala system. Dessutom kommer vi att diskutera de strategier som dessa nationer anv\u00e4nder f\u00f6r att h\u00e5llbart hantera sina v\u00e4xande befolkningar.<\/p>\n\n\n\n<h3 class=\"wp-block-heading\">De \u00c5ldrande Nationerna<\/h3>\n\n\n\n<p>\u00c5 andra sidan st\u00e5r flera l\u00e4nder inf\u00f6r utmaningen med en \u00e5ldrande befolkning och minskande f\u00f6delsetal. Vi kommer att utforska orsakerna till denna demografiska f\u00f6r\u00e4ndring, inklusive samh\u00e4llsf\u00f6r\u00e4ndringar, ekonomiska faktorer och kulturella p\u00e5verkningar. Vi kommer \u00e4ven att unders\u00f6ka effekterna av en \u00e5ldrande befolkning p\u00e5 h\u00e4lso- och sjukv\u00e5rdssystem, arbetskraftsdynamik och socialf\u00f6rs\u00e4kring samt de innovativa metoder som dessa l\u00e4nder antar f\u00f6r att hantera utmaningarna med en \u00e4ldre befolkning.<\/p>\n\n\n\n<h2 class=\"wp-block-heading\">Migration och dess Effekter<\/h2>\n\n\n\n<h3 class=\"wp-block-heading\">Sm\u00e4ltdegel Nationer<\/h3>\n\n\n\n<p>Migration spelar en betydande roll f\u00f6r att forma populationsdynamiken i m\u00e5nga l\u00e4nder. Vissa nationer \u00e4r k\u00e4nda f\u00f6r sin m\u00e5ngfald av invandrarbefolkningar, vilket skapar m\u00e5ngkulturella samh\u00e4llen. Vi kommer att utforska effekterna av invandring p\u00e5 dessa nationer, inklusive ekonomiska bidrag, kulturell berikning och utmaningar relaterade till integration och social sammanh\u00e5llning.<\/p>\n\n\n\n<h3 class=\"wp-block-heading\">Exodus och Brain Drain<\/h3>\n\n\n\n<p>Medan vissa l\u00e4nder lockar invandrare upplever andra betydande utvandring. Ekonomiska klyftor, politisk instabilitet eller b\u00e4ttre m\u00f6jligheter n\u00e5gon annanstans kan driva m\u00e4nniskor att l\u00e4mna sina heml\u00e4nder. Vi kommer att f\u00f6rdjupa oss i effekterna av utvandring, inklusive brain drain och dess p\u00e5verkan p\u00e5 utvecklingsutsikterna f\u00f6r de ber\u00f6rda l\u00e4nderna. Vi kommer \u00e4ven att unders\u00f6ka de insatser som g\u00f6rs f\u00f6r att v\u00e4nda denna trend och fr\u00e4mja ekonomisk tillv\u00e4xt och beh\u00e5llande av talang.<\/p>\n\n\n\n<h2 class=\"wp-block-heading\">Slutsats<\/h2>\n\n\n\n<p>Den globala populationslandskapet \u00e4r en rik mosaik av m\u00e5ngfald, d\u00e4r varje land erbjuder en unik historia. Att utforska demografiska m\u00f6nster \u00f6ver hela v\u00e4rlden g\u00f6r att vi kan f\u00f6rst\u00e5 de faktorer som bidrar till populationsvariation och de konsekvenser det har f\u00f6r samh\u00e4llen. Fr\u00e5n befolkningsj\u00e4ttarna till de glesbefolkade omr\u00e5dena, fr\u00e5n l\u00e4nder med befolkningsboom till \u00e5ldrande samh\u00e4llen, och fr\u00e5n sm\u00e4ltdegel-l\u00e4nder till de som upplever exodus, formar populationsdynamiken v\u00e5r v\u00e4rld p\u00e5 djupg\u00e5ende s\u00e4tt.<\/p>\n","protected":false},"excerpt":{"rendered":"<p>Introduktion V\u00e4rlden \u00e4r en m\u00e5ngsidig mosaik av nationer, var och en med sin unika kultur, geografi och historia. En fascinerande aspekt av detta globala patchwork \u00e4r den betydande variationen i befolkningsstorlekar och dynamik i olika l\u00e4nder. Fr\u00e5n t\u00e4tt befolkade nationer med miljoner m\u00e4nniskor till glesbefolkade omr\u00e5den, ber\u00e4ttar varje lands demografiska data en f\u00e4ngslande historia. I &hellip; <\/p>\n<p class=\"link-more\"><a href=\"https:\/\/idorla.com\/sv\/geo\/exploring-demographic-patterns-a-global-perspective\/\" class=\"more-link\">L\u00e4s mer<span class=\"screen-reader-text\"> \u201dUtforska Demografiska M\u00f6nster: En Global Perspektiv\u201d<\/span><\/a><\/p>\n","protected":false},"author":1,"featured_media":32,"comment_status":"closed","ping_status":"closed","sticky":false,"template":"","format":"standard","meta":{"footnotes":""},"categories":[4],"tags":[],"class_list":["post-25","post","type-post","status-publish","format-standard","has-post-thumbnail","hentry","category-geo"],"translation":{"provider":"WPGlobus","version":"3.0.2","language":"sv","enabled_languages":["en","br","sv","fr","es"],"languages":{"en":{"title":true,"content":true,"excerpt":false},"br":{"title":true,"content":true,"excerpt":false},"sv":{"title":true,"content":true,"excerpt":false},"fr":{"title":true,"content":true,"excerpt":false},"es":{"title":true,"content":true,"excerpt":false}}},"_links":{"self":[{"href":"https:\/\/idorla.com\/sv\/wp-json\/wp\/v2\/posts\/25","targetHints":{"allow":["GET"]}}],"collection":[{"href":"https:\/\/idorla.com\/sv\/wp-json\/wp\/v2\/posts"}],"about":[{"href":"https:\/\/idorla.com\/sv\/wp-json\/wp\/v2\/types\/post"}],"author":[{"embeddable":true,"href":"https:\/\/idorla.com\/sv\/wp-json\/wp\/v2\/users\/1"}],"replies":[{"embeddable":true,"href":"https:\/\/idorla.com\/sv\/wp-json\/wp\/v2\/comments?post=25"}],"version-history":[{"count":5,"href":"https:\/\/idorla.com\/sv\/wp-json\/wp\/v2\/posts\/25\/revisions"}],"predecessor-version":[{"id":239,"href":"https:\/\/idorla.com\/sv\/wp-json\/wp\/v2\/posts\/25\/revisions\/239"}],"wp:featuredmedia":[{"embeddable":true,"href":"https:\/\/idorla.com\/sv\/wp-json\/wp\/v2\/media\/32"}],"wp:attachment":[{"href":"https:\/\/idorla.com\/sv\/wp-json\/wp\/v2\/media?parent=25"}],"wp:term":[{"taxonomy":"category","embeddable":true,"href":"https:\/\/idorla.com\/sv\/wp-json\/wp\/v2\/categories?post=25"},{"taxonomy":"post_tag","embeddable":true,"href":"https:\/\/idorla.com\/sv\/wp-json\/wp\/v2\/tags?post=25"}],"curies":[{"name":"wp","href":"https:\/\/api.w.org\/{rel}","templated":true}]}}